{"id":8332,"date":"2024-01-30T12:12:48","date_gmt":"2024-01-30T15:12:48","guid":{"rendered":"https:\/\/cloveonline.com\/?p=8332"},"modified":"2025-09-10T13:30:29","modified_gmt":"2025-09-10T16:30:29","slug":"queratitis-superficial-cronica","status":"publish","type":"post","link":"https:\/\/cloveonline.com\/?p=8332","title":{"rendered":"Queratitis Superficial Cr\u00f3nica"},"content":{"rendered":"<h4>\u00bfQu\u00e9 es la queratitis superficial cr\u00f3nica?<\/h4>\n<p>Se trata de una enfermedad bilateral, inflamatoria y progresiva de la c\u00f3rnea del perro, que tambi\u00e9n es conocida como pannus o s\u00edndrome de \u00dcberreiter.<\/p>\n<p>Se caracteriza por la formaci\u00f3n de vasos sangu\u00edneos, de tejido fibroso y, en casos c\u00f3nicos, el dep\u00f3sito de pigmentos que acaban provocando una opacidad corneal. Habitualmente la lesi\u00f3n se inicia en el cuadrante inferior lateral de la c\u00f3rnea y en su avance puede llegar a afectarla completamente, dando lugar a una ceguera (figura1). En ocasiones puede coexistir una despigmentaci\u00f3n e inflamaci\u00f3n del margen libre de la membrana nictitante (figura 2).<\/p>\n<h4>\u00bfCu\u00e1l es la causa?<\/h4>\n<p>Se ha relacionado con alteraciones del sistema inmunitario. Adem\u00e1s, se sabe que la exposici\u00f3n a la radiaci\u00f3n ultravioleta est\u00e1 implicada tanto en la aparici\u00f3n como en la progresi\u00f3n de la inflamaci\u00f3n. La incidencia y la gravedad se incrementan en zonas geogr\u00e1ficas con altitudes superiores a los 1200 metros sobre el nivel del mar. La enfermedad se ha identificado en perros de razas como el Akita Inu, Pastor australiano, Pastor belga, Border collie, Dachshund, D\u00e1lmata, Golden retriever, Greyhound, Labrador retriever, Poodle, Pastor de Shetland, Husky siberiano, entre otras. Sin embargo, en la mayor\u00eda de los casos este padecimiento se ve en el Pastor alem\u00e1n y sus cruces, lo que sugiere que puede estar involucrado un factor hereditario.<\/p>\n<h4>\u00bfEs una enfermedad que produce dolor?<\/h4>\n<p>Los animales enfermos no parecen manifestar dolor, aunque si hay una merma en su calidad de vida, debido a la disminuci\u00f3n de la visi\u00f3n o a la ceguera que genera.<\/p>\n<h4>\u00bfC\u00f3mo se diagnostica?<\/h4>\n<p>El diagn\u00f3stico se realiza con base en los signos cl\u00ednicos y en la predisposici\u00f3n racial del paciente, adem\u00e1s se debe descartar una deficiencia de l\u00e1grima y otras causas de enfermedad corneal que hacen necesario que un especialista lleve a cabo una exploraci\u00f3n oftalmol\u00f3gica completa. La evaluaci\u00f3n citol\u00f3gica podr\u00eda ser \u00fatil para identificar c\u00e9lulas plasm\u00e1ticas, linfocitos y mastocitos.<\/p>\n<h4>\u00bfQu\u00e9 tratamiento existe y cu\u00e1l es el pron\u00f3stico?<\/h4>\n<p>Se utilizan f\u00e1rmacos inmunomoduladores bien sea por v\u00eda t\u00f3pica, subconjuntival o a trav\u00e9s de implantes. Adem\u00e1s del tratamiento m\u00e9dico, se indica resguardar constantemente a los pacientes de los rayos del sol. En algunos animales se recomienda el empleo de gafas de uso veterinario con protecci\u00f3n de luz ultravioleta (figura 3). Aunque no es una enfermedad curable, se puede controlar siempre y cuando se sigan minuciosamente las indicaciones del oftalm\u00f3logo veterinario. Tanto la edad de presentaci\u00f3n del cuadro cl\u00ednico como la raza son importantes factores pron\u00f3sticos. Se sabe, por ejemplo, que en los perros de raza Pastor alem\u00e1n de edades entre 1 y 5 a\u00f1os, la enfermedad es grave y progresa r\u00e1pidamente, mientras que los perros de entre 4 y 6 a\u00f1os las lesiones son menos intensas y progresan lentamente, respondiendo mejor al manejo m\u00e9dico. Es importante tener en cuenta que, dado el car\u00e1cter cr\u00f3nico de esta enfermedad, los pacientes requerir\u00e1n tratamiento a lo largo de su vida y un seguimiento cl\u00ednico constante para ajustar la terapia en caso de ser necesario.<\/p>\n<p>&nbsp;<\/p>\n<h4>Figuras:<\/h4>\n<div class=\"su-row\">\n<div class=\"su-column su-column-size-3-5\"><div class=\"su-column-inner su-u-clearfix su-u-trim\">\n<p><img loading=\"lazy\" decoding=\"async\" class=\"alignnone size-full wp-image-8445\" src=\"https:\/\/cloveonline.com\/wp-content\/uploads\/2024\/01\/Figura1-1.jpg\" alt=\"\" width=\"1280\" height=\"489\" srcset=\"https:\/\/cloveonline.com\/wp-content\/uploads\/2024\/01\/Figura1-1.jpg 1280w, https:\/\/cloveonline.com\/wp-content\/uploads\/2024\/01\/Figura1-1-510x195.jpg 510w, https:\/\/cloveonline.com\/wp-content\/uploads\/2024\/01\/Figura1-1-300x115.jpg 300w, https:\/\/cloveonline.com\/wp-content\/uploads\/2024\/01\/Figura1-1-1024x391.jpg 1024w, https:\/\/cloveonline.com\/wp-content\/uploads\/2024\/01\/Figura1-1-768x293.jpg 768w\" sizes=\"auto, (max-width: 1280px) 100vw, 1280px\" \/><\/p>\n<\/div><\/div>\n<div class=\"su-column su-column-size-2-5\"><div class=\"su-column-inner su-u-clearfix su-u-trim\">\n<p>Figura 1. Aspecto cl\u00ednico de la enfermedad. C\u00f3rnea con signos de neovascularizaci\u00f3n, tejido fibroso y pigmentaci\u00f3n en la regi\u00f3n inferior lateral (a). Si no se atiende oportunamente, la enfermedad puede progresar hasta afectar completamente al tejido corneal y ocasionar ceguera (b)<br \/>\n.<br \/>\n<\/div><\/div>\n<\/div>\n<div class=\"su-row\">\n<div class=\"su-column su-column-size-2-5\"><div class=\"su-column-inner su-u-clearfix su-u-trim\">\n<p><img loading=\"lazy\" decoding=\"async\" class=\"alignnone size-full wp-image-8447\" src=\"https:\/\/cloveonline.com\/wp-content\/uploads\/2024\/01\/Figura2.jpg\" alt=\"\" width=\"867\" height=\"665\" srcset=\"https:\/\/cloveonline.com\/wp-content\/uploads\/2024\/01\/Figura2.jpg 867w, https:\/\/cloveonline.com\/wp-content\/uploads\/2024\/01\/Figura2-510x391.jpg 510w, https:\/\/cloveonline.com\/wp-content\/uploads\/2024\/01\/Figura2-300x230.jpg 300w, https:\/\/cloveonline.com\/wp-content\/uploads\/2024\/01\/Figura2-768x589.jpg 768w\" sizes=\"auto, (max-width: 867px) 100vw, 867px\" \/><\/p>\n<\/div><\/div>\n<div class=\"su-column su-column-size-3-5\"><div class=\"su-column-inner su-u-clearfix su-u-trim\">\n<p>Figura 2. La enfermedad se puede acompa\u00f1ar de despigmentaci\u00f3n y tumefacci\u00f3n de la conjuntiva de la membrana nictitante.<\/p>\n<\/div><\/div>\n<\/div>\n<div class=\"su-row\">\n<div class=\"su-column su-column-size-2-5\"><div class=\"su-column-inner su-u-clearfix su-u-trim\">\n<p><img loading=\"lazy\" decoding=\"async\" class=\"alignnone size-full wp-image-8448\" src=\"https:\/\/cloveonline.com\/wp-content\/uploads\/2024\/01\/Figura3.jpg\" alt=\"\" width=\"354\" height=\"529\" srcset=\"https:\/\/cloveonline.com\/wp-content\/uploads\/2024\/01\/Figura3.jpg 354w, https:\/\/cloveonline.com\/wp-content\/uploads\/2024\/01\/Figura3-201x300.jpg 201w\" sizes=\"auto, (max-width: 354px) 100vw, 354px\" \/><\/p>\n<\/div><\/div>\n<div class=\"su-column su-column-size-3-5\"><div class=\"su-column-inner su-u-clearfix su-u-trim\">\n<p>Figura 3. Paciente con buena adaptaci\u00f3n a las gafas protectoras de luz ultravioleta.<\/p>\n<\/div><\/div>\n<\/div>\n","protected":false},"excerpt":{"rendered":"<p>\u00bfQu\u00e9 es la queratitis superficial cr\u00f3nica? Se trata de una enfermedad bilateral, inflamatoria y progresiva de la c\u00f3rnea del perro, que tambi\u00e9n es conocida como pannus o s\u00edndrome de \u00dcberreiter. Se caracteriza por la formaci\u00f3n de vasos sangu\u00edneos, de tejido fibroso y, en casos c\u00f3nicos, el dep\u00f3sito de pigmentos que acaban provocando una opacidad corneal. [&#8230;]\n","protected":false},"author":1,"featured_media":8882,"comment_status":"closed","ping_status":"closed","sticky":false,"template":"","format":"standard","meta":{"footnotes":""},"categories":[46],"tags":[],"class_list":["post-8332","post","type-post","status-publish","format-standard","has-post-thumbnail","hentry","category-sin-categoria-es"],"yoast_head":"<!-- This site is optimized with the Yoast SEO plugin v25.9 - https:\/\/yoast.com\/wordpress\/plugins\/seo\/ -->\n<title>Queratitis Superficial Cr\u00f3nica - CLOVE<\/title>\n<meta name=\"robots\" content=\"index, follow, max-snippet:-1, max-image-preview:large, max-video-preview:-1\" \/>\n<link rel=\"canonical\" href=\"https:\/\/cloveonline.com\/?p=8332\" \/>\n<meta property=\"og:locale\" content=\"pt_BR\" \/>\n<meta property=\"og:type\" content=\"article\" \/>\n<meta property=\"og:title\" content=\"Queratitis Superficial Cr\u00f3nica - CLOVE\" \/>\n<meta property=\"og:description\" content=\"\u00bfQu\u00e9 es la queratitis superficial cr\u00f3nica? Se trata de una enfermedad bilateral, inflamatoria y progresiva de la c\u00f3rnea del perro, que tambi\u00e9n es conocida como pannus o s\u00edndrome de \u00dcberreiter. Se caracteriza por la formaci\u00f3n de vasos sangu\u00edneos, de tejido fibroso y, en casos c\u00f3nicos, el dep\u00f3sito de pigmentos que acaban provocando una opacidad corneal. [...]\" \/>\n<meta property=\"og:url\" content=\"https:\/\/cloveonline.com\/?p=8332\" \/>\n<meta property=\"og:site_name\" content=\"CLOVE\" \/>\n<meta property=\"article:published_time\" content=\"2024-01-30T15:12:48+00:00\" \/>\n<meta property=\"article:modified_time\" content=\"2025-09-10T16:30:29+00:00\" \/>\n<meta property=\"og:image\" content=\"https:\/\/cloveonline.com\/wp-content\/uploads\/2024\/01\/Figura1-1-1.jpg\" \/>\n\t<meta property=\"og:image:width\" content=\"1280\" \/>\n\t<meta property=\"og:image:height\" content=\"489\" \/>\n\t<meta property=\"og:image:type\" content=\"image\/jpeg\" \/>\n<meta name=\"author\" content=\"Fernando\" \/>\n<meta name=\"twitter:card\" content=\"summary_large_image\" \/>\n<meta name=\"twitter:label1\" content=\"Escrito por\" \/>\n\t<meta name=\"twitter:data1\" content=\"Joaqu\u00edn Arturo Quiroz Mercado\" \/>\n\t<meta name=\"twitter:label2\" content=\"Est. tempo de leitura\" \/>\n\t<meta name=\"twitter:data2\" content=\"5 minutos\" \/>\n<script type=\"application\/ld+json\" class=\"yoast-schema-graph\">{\"@context\":\"https:\/\/schema.org\",\"@graph\":[{\"@type\":\"WebPage\",\"@id\":\"https:\/\/cloveonline.com\/?p=8332\",\"url\":\"https:\/\/cloveonline.com\/?p=8332\",\"name\":\"Queratitis Superficial Cr\u00f3nica - CLOVE\",\"isPartOf\":{\"@id\":\"https:\/\/cloveonline.com\/#website\"},\"primaryImageOfPage\":{\"@id\":\"https:\/\/cloveonline.com\/?p=8332#primaryimage\"},\"image\":{\"@id\":\"https:\/\/cloveonline.com\/?p=8332#primaryimage\"},\"thumbnailUrl\":\"https:\/\/cloveonline.com\/wp-content\/uploads\/2024\/01\/Figura1-1-1.jpg\",\"datePublished\":\"2024-01-30T15:12:48+00:00\",\"dateModified\":\"2025-09-10T16:30:29+00:00\",\"author\":{\"@id\":\"https:\/\/cloveonline.com\/#\/schema\/person\/e11c3feb9dbe3b09cc279a5397af8b5d\"},\"breadcrumb\":{\"@id\":\"https:\/\/cloveonline.com\/?p=8332#breadcrumb\"},\"inLanguage\":\"pt-BR\",\"potentialAction\":[{\"@type\":\"ReadAction\",\"target\":[\"https:\/\/cloveonline.com\/?p=8332\"]}]},{\"@type\":\"ImageObject\",\"inLanguage\":\"pt-BR\",\"@id\":\"https:\/\/cloveonline.com\/?p=8332#primaryimage\",\"url\":\"https:\/\/cloveonline.com\/wp-content\/uploads\/2024\/01\/Figura1-1-1.jpg\",\"contentUrl\":\"https:\/\/cloveonline.com\/wp-content\/uploads\/2024\/01\/Figura1-1-1.jpg\",\"width\":1280,\"height\":489},{\"@type\":\"BreadcrumbList\",\"@id\":\"https:\/\/cloveonline.com\/?p=8332#breadcrumb\",\"itemListElement\":[{\"@type\":\"ListItem\",\"position\":1,\"name\":\"Portada\",\"item\":\"https:\/\/cloveonline.com\/\"},{\"@type\":\"ListItem\",\"position\":2,\"name\":\"Queratitis Superficial Cr\u00f3nica\"}]},{\"@type\":\"WebSite\",\"@id\":\"https:\/\/cloveonline.com\/#website\",\"url\":\"https:\/\/cloveonline.com\/\",\"name\":\"CLOVE\",\"description\":\"Colegio Latinoamericano de Oftalm\u00f3logos Veterinarios\",\"potentialAction\":[{\"@type\":\"SearchAction\",\"target\":{\"@type\":\"EntryPoint\",\"urlTemplate\":\"https:\/\/cloveonline.com\/?s={search_term_string}\"},\"query-input\":{\"@type\":\"PropertyValueSpecification\",\"valueRequired\":true,\"valueName\":\"search_term_string\"}}],\"inLanguage\":\"pt-BR\"},{\"@type\":\"Person\",\"@id\":\"https:\/\/cloveonline.com\/#\/schema\/person\/e11c3feb9dbe3b09cc279a5397af8b5d\",\"name\":\"Fernando\",\"image\":{\"@type\":\"ImageObject\",\"inLanguage\":\"pt-BR\",\"@id\":\"https:\/\/cloveonline.com\/#\/schema\/person\/image\/\",\"url\":\"https:\/\/secure.gravatar.com\/avatar\/c56c256a2b045aa211bbf34c6fc798a9?s=96&d=mm&r=g\",\"contentUrl\":\"https:\/\/secure.gravatar.com\/avatar\/c56c256a2b045aa211bbf34c6fc798a9?s=96&d=mm&r=g\",\"caption\":\"Fernando\"},\"url\":\"\"}]}<\/script>\n<!-- \/ Yoast SEO plugin. -->","yoast_head_json":{"title":"Queratitis Superficial Cr\u00f3nica - CLOVE","robots":{"index":"index","follow":"follow","max-snippet":"max-snippet:-1","max-image-preview":"max-image-preview:large","max-video-preview":"max-video-preview:-1"},"canonical":"https:\/\/cloveonline.com\/?p=8332","og_locale":"pt_BR","og_type":"article","og_title":"Queratitis Superficial Cr\u00f3nica - CLOVE","og_description":"\u00bfQu\u00e9 es la queratitis superficial cr\u00f3nica? Se trata de una enfermedad bilateral, inflamatoria y progresiva de la c\u00f3rnea del perro, que tambi\u00e9n es conocida como pannus o s\u00edndrome de \u00dcberreiter. Se caracteriza por la formaci\u00f3n de vasos sangu\u00edneos, de tejido fibroso y, en casos c\u00f3nicos, el dep\u00f3sito de pigmentos que acaban provocando una opacidad corneal. [...]","og_url":"https:\/\/cloveonline.com\/?p=8332","og_site_name":"CLOVE","article_published_time":"2024-01-30T15:12:48+00:00","article_modified_time":"2025-09-10T16:30:29+00:00","og_image":[{"width":1280,"height":489,"url":"https:\/\/cloveonline.com\/wp-content\/uploads\/2024\/01\/Figura1-1-1.jpg","type":"image\/jpeg"}],"author":"Fernando","twitter_card":"summary_large_image","twitter_misc":{"Escrito por":"Joaqu\u00edn Arturo Quiroz Mercado","Est. tempo de leitura":"5 minutos"},"schema":{"@context":"https:\/\/schema.org","@graph":[{"@type":"WebPage","@id":"https:\/\/cloveonline.com\/?p=8332","url":"https:\/\/cloveonline.com\/?p=8332","name":"Queratitis Superficial Cr\u00f3nica - CLOVE","isPartOf":{"@id":"https:\/\/cloveonline.com\/#website"},"primaryImageOfPage":{"@id":"https:\/\/cloveonline.com\/?p=8332#primaryimage"},"image":{"@id":"https:\/\/cloveonline.com\/?p=8332#primaryimage"},"thumbnailUrl":"https:\/\/cloveonline.com\/wp-content\/uploads\/2024\/01\/Figura1-1-1.jpg","datePublished":"2024-01-30T15:12:48+00:00","dateModified":"2025-09-10T16:30:29+00:00","author":{"@id":"https:\/\/cloveonline.com\/#\/schema\/person\/e11c3feb9dbe3b09cc279a5397af8b5d"},"breadcrumb":{"@id":"https:\/\/cloveonline.com\/?p=8332#breadcrumb"},"inLanguage":"pt-BR","potentialAction":[{"@type":"ReadAction","target":["https:\/\/cloveonline.com\/?p=8332"]}]},{"@type":"ImageObject","inLanguage":"pt-BR","@id":"https:\/\/cloveonline.com\/?p=8332#primaryimage","url":"https:\/\/cloveonline.com\/wp-content\/uploads\/2024\/01\/Figura1-1-1.jpg","contentUrl":"https:\/\/cloveonline.com\/wp-content\/uploads\/2024\/01\/Figura1-1-1.jpg","width":1280,"height":489},{"@type":"BreadcrumbList","@id":"https:\/\/cloveonline.com\/?p=8332#breadcrumb","itemListElement":[{"@type":"ListItem","position":1,"name":"Portada","item":"https:\/\/cloveonline.com\/"},{"@type":"ListItem","position":2,"name":"Queratitis Superficial Cr\u00f3nica"}]},{"@type":"WebSite","@id":"https:\/\/cloveonline.com\/#website","url":"https:\/\/cloveonline.com\/","name":"CLOVE","description":"Colegio Latinoamericano de Oftalm\u00f3logos Veterinarios","potentialAction":[{"@type":"SearchAction","target":{"@type":"EntryPoint","urlTemplate":"https:\/\/cloveonline.com\/?s={search_term_string}"},"query-input":{"@type":"PropertyValueSpecification","valueRequired":true,"valueName":"search_term_string"}}],"inLanguage":"pt-BR"},{"@type":"Person","@id":"https:\/\/cloveonline.com\/#\/schema\/person\/e11c3feb9dbe3b09cc279a5397af8b5d","name":"Fernando","image":{"@type":"ImageObject","inLanguage":"pt-BR","@id":"https:\/\/cloveonline.com\/#\/schema\/person\/image\/","url":"https:\/\/secure.gravatar.com\/avatar\/c56c256a2b045aa211bbf34c6fc798a9?s=96&d=mm&r=g","contentUrl":"https:\/\/secure.gravatar.com\/avatar\/c56c256a2b045aa211bbf34c6fc798a9?s=96&d=mm&r=g","caption":"Fernando"},"url":""}]}},"_links":{"self":[{"href":"https:\/\/cloveonline.com\/index.php?rest_route=\/wp\/v2\/posts\/8332","targetHints":{"allow":["GET"]}}],"collection":[{"href":"https:\/\/cloveonline.com\/index.php?rest_route=\/wp\/v2\/posts"}],"about":[{"href":"https:\/\/cloveonline.com\/index.php?rest_route=\/wp\/v2\/types\/post"}],"author":[{"embeddable":true,"href":"https:\/\/cloveonline.com\/index.php?rest_route=\/wp\/v2\/users\/1"}],"replies":[{"embeddable":true,"href":"https:\/\/cloveonline.com\/index.php?rest_route=%2Fwp%2Fv2%2Fcomments&post=8332"}],"version-history":[{"count":4,"href":"https:\/\/cloveonline.com\/index.php?rest_route=\/wp\/v2\/posts\/8332\/revisions"}],"predecessor-version":[{"id":8450,"href":"https:\/\/cloveonline.com\/index.php?rest_route=\/wp\/v2\/posts\/8332\/revisions\/8450"}],"wp:featuredmedia":[{"embeddable":true,"href":"https:\/\/cloveonline.com\/index.php?rest_route=\/wp\/v2\/media\/8882"}],"wp:attachment":[{"href":"https:\/\/cloveonline.com\/index.php?rest_route=%2Fwp%2Fv2%2Fmedia&parent=8332"}],"wp:term":[{"taxonomy":"category","embeddable":true,"href":"https:\/\/cloveonline.com\/index.php?rest_route=%2Fwp%2Fv2%2Fcategories&post=8332"},{"taxonomy":"post_tag","embeddable":true,"href":"https:\/\/cloveonline.com\/index.php?rest_route=%2Fwp%2Fv2%2Ftags&post=8332"}],"curies":[{"name":"wp","href":"https:\/\/api.w.org\/{rel}","templated":true}]}}